{"id":1,"date":"2021-09-21T14:46:01","date_gmt":"2021-09-21T12:46:01","guid":{"rendered":"https:\/\/quantenquark.com\/fakt-und-vorurteil\/?p=1"},"modified":"2021-09-29T10:41:14","modified_gmt":"2021-09-29T08:41:14","slug":"ankuendigung","status":"publish","type":"post","link":"https:\/\/quantenquark.com\/fakt-und-vorurteil\/2021\/09\/21\/ankuendigung\/","title":{"rendered":"Das Fakt-und-Vorurteil-Buch [Korrektur:] ist erschienen"},"content":{"rendered":"<p>Rund zwei Jahre ist es her, dass ich zum ersten Mal mit der Wiener Psychologin Ulrike Schiesser \u00fcber die Idee zu einem gemeinsamen Buch gesprochen habe. Antworten auf die Frage, wie man mit Menschen reden kann, die Quantenquark, Verschw\u00f6rungsmythen und \u00e4hnliche unwissenschaftliche Vorstellungen verbreiten, wollte SpringerNature von uns haben. Die Pandemie war zu diesem Zeitpunkt noch nicht absehbar, und auch nicht, dass ich genau das schon bald bei wirklich jedem meiner Vortr\u00e4ge genau danach gefragt werden w\u00fcrde.<\/p>\n<p>Jetzt ist das Buch also von unserer Seite aus fertig. <del>Die letzten Schritte bis liegen jetzt beim Verlag, und das aktuell auf der Springer-Seite angegebene Erscheinungsdatum (22. Oktober) ist normalerweise eher vorsichtig abgesch\u00e4tzt. Das E-Book gibt es erst zum offiziellen Erscheinungstermin, aber die Printversion kann schon vorbestellt werden,<\/del> <em>Das Buch ist jetzt lieferbar,<\/em> entweder <a href=\"https:\/\/www.tkqlhce.com\/click-8497764-14340895?url=https%3A%2F%2Fwww.springer.com%2Fde%2Fbook%2F9783662632086\">direkt beim Verlag<\/a>, im <a href=\"https:\/\/amzn.to\/3jnbJaB\">Onlinebuchhandel<\/a> oder einfach beim lokalen Buchhandel Ihrer Wahl. (Ja, das sind Partnerlinks, sie setzen Cookies, und wenn\u00a0 ganz viele dar\u00fcber bestellen, kommt vielleicht in zwei oder drei Jahren mal eine kleine Provision zusammen.)<\/p>\n<p>Viele der Recherchen und \u00dcberlegungen in dem Buch sind tats\u00e4chlich schon vor der Pandemie entstanden, und sie haben uns selbst in dieser schwierigen Phase sehr geholfen. Es geht aber ganz bewusst nicht nur um die Kommunikation mit Verschw\u00f6rungsgl\u00e4ubigen, sondern auch mit Esoterikern, Menschen in vereinnahmenden religi\u00f6sen Gruppen und sogar mit politischen Extremisten. Die Mechanismen sind sich in vielerlei Hinsicht \u00e4hnlich, wobei wir auch ein paar Besonderheiten und Unterschiede beschreiben k\u00f6nnen.<\/p>\n<p>Zu der Frage, wie solche Kommunikation gelingen kann (und was &#8222;gelingen&#8220; in diesem Fall \u00fcberhaupt hei\u00dft) gibt es tats\u00e4chlich relativ wenig ver\u00f6ffentlichte Forschung. So waren f\u00fcr uns, neben Ulrikes unsch\u00e4tzbarer Erfahrung in der \u00f6sterreichischen Bundesstelle f\u00fcr Sektenfragen, vor allem Gespr\u00e4che mit Experten wichtig, die sich mit solchen Diskussionen auskennen, entweder weil sie sie in unterschiedlichen Kontexten st\u00e4ndig f\u00fchren oder weil sie selbst einmal auf der anderen Seite gestanden haben. Tats\u00e4chlich hat es sich f\u00fcr mich ganz pers\u00f6nlich allein schon f\u00fcr die Gelegenheit, mit allen diesen faszinierenden Menschen zu sprechen, gelohnt, dieses Buch zu schreiben. Nat\u00fcrlich konnten wir am Ende nur kurze Zitate aus diesem Wissensschatz w\u00f6rtlich im Buch wiedergeben. Daher werden in Zukunft auf dieser Seite sicherlich immer wieder einmal Passagen aus den Interviews auftauchen, f\u00fcr die im Buch einfach kein Platz mehr war und die nur als Hintergrundinformation Eingang gefunden haben. Aber nat\u00fcrlich m\u00f6chten wir hier auch neue Ideen, Eindr\u00fccke und Empfehlungen (auch zu anderen B\u00fcchern, Artikeln, Podcasts oder Videos) weitergeben &#8211; vor allem m\u00f6chten wir aber mit Lesern des Buchs und Menschen, die das hoffentlich noch werden, diskutieren. Sprechen Sie uns also gerne an, wenn Sie Kommentare zu den Inhalten hier oder im Buch haben oder wenn Ihnen weitere Anregungen und Ideen einfallen. Wir freuen uns!<\/p>\n<p>Holm H\u00fcmmler<\/p>\n<p>&nbsp;<\/p>\n","protected":false},"excerpt":{"rendered":"<p>Rund zwei Jahre ist es her, dass ich zum ersten Mal mit der Wiener Psychologin Ulrike Schiesser \u00fcber die Idee zu einem gemeinsamen Buch gesprochen habe. Antworten auf die Frage, wie man mit Menschen reden kann, die Quantenquark, Verschw\u00f6rungsmythen und \u00e4hnliche unwissenschaftliche Vorstellungen verbreiten, wollte SpringerNature von uns haben. Die Pandemie war zu diesem Zeitpunkt &hellip; <a href=\"https:\/\/quantenquark.com\/fakt-und-vorurteil\/2021\/09\/21\/ankuendigung\/\" class=\"more-link\"><span class=\"screen-reader-text\">\u201eDas Fakt-und-Vorurteil-Buch [Korrektur:] ist erschienen\u201c<\/span> weiterlesen<\/a><\/p>\n","protected":false},"author":1,"featured_media":0,"comment_status":"open","ping_status":"open","sticky":false,"template":"","format":"standard","meta":{"footnotes":""},"categories":[1],"tags":[3,4,6,5],"class_list":["post-1","post","type-post","status-publish","format-standard","hentry","category-allgemein","tag-ankuendigung","tag-fakt-und-vorurteil-buch","tag-interviewpartner","tag-interviews"],"_links":{"self":[{"href":"https:\/\/quantenquark.com\/fakt-und-vorurteil\/wp-json\/wp\/v2\/posts\/1","targetHints":{"allow":["GET"]}}],"collection":[{"href":"https:\/\/quantenquark.com\/fakt-und-vorurteil\/wp-json\/wp\/v2\/posts"}],"about":[{"href":"https:\/\/quantenquark.com\/fakt-und-vorurteil\/wp-json\/wp\/v2\/types\/post"}],"author":[{"embeddable":true,"href":"https:\/\/quantenquark.com\/fakt-und-vorurteil\/wp-json\/wp\/v2\/users\/1"}],"replies":[{"embeddable":true,"href":"https:\/\/quantenquark.com\/fakt-und-vorurteil\/wp-json\/wp\/v2\/comments?post=1"}],"version-history":[{"count":8,"href":"https:\/\/quantenquark.com\/fakt-und-vorurteil\/wp-json\/wp\/v2\/posts\/1\/revisions"}],"predecessor-version":[{"id":44,"href":"https:\/\/quantenquark.com\/fakt-und-vorurteil\/wp-json\/wp\/v2\/posts\/1\/revisions\/44"}],"wp:attachment":[{"href":"https:\/\/quantenquark.com\/fakt-und-vorurteil\/wp-json\/wp\/v2\/media?parent=1"}],"wp:term":[{"taxonomy":"category","embeddable":true,"href":"https:\/\/quantenquark.com\/fakt-und-vorurteil\/wp-json\/wp\/v2\/categories?post=1"},{"taxonomy":"post_tag","embeddable":true,"href":"https:\/\/quantenquark.com\/fakt-und-vorurteil\/wp-json\/wp\/v2\/tags?post=1"}],"curies":[{"name":"wp","href":"https:\/\/api.w.org\/{rel}","templated":true}]}}