{"id":69,"date":"2021-11-13T14:52:21","date_gmt":"2021-11-13T13:52:21","guid":{"rendered":"https:\/\/quantenquark.com\/fakt-und-vorurteil\/?p=69"},"modified":"2021-11-13T15:05:11","modified_gmt":"2021-11-13T14:05:11","slug":"interessante-einblicke-in-die-erlebnisse-eines-aussteigers-bei-den-zeugen-jehovas","status":"publish","type":"post","link":"https:\/\/quantenquark.com\/fakt-und-vorurteil\/2021\/11\/13\/interessante-einblicke-in-die-erlebnisse-eines-aussteigers-bei-den-zeugen-jehovas\/","title":{"rendered":"Interessante Einblicke in die Erlebnisse eines Aussteigers bei den Zeugen Jehovas"},"content":{"rendered":"<p>Eine wichtige Interviewpartnerin f\u00fcr &#8222;Fakt und Vorurteil&#8220; war Lisa L., die bei den Zeugen Jehovas aufgewachsen ist und die Gemeinschaft dann im Zuge des Erwachsenwerdens verlassen hat. Sie hat viel von ihren Erfahrungen mit uns geteilt, und letztendlich ist nur ein kleiner Teil davon im Buch zu lesen &#8211; erstens aus Platzgr\u00fcnden, zweitens weil es uns ja vor allem um die Frage ging, wie man mit Anh\u00e4ngern solcher Vorstellungen sinnvoll kommunizieren kann, aber eben auch weil wir ihre Identit\u00e4t sch\u00fctzen wollten. Sie spricht ja in den Zitaten im Buch schon einige Problemfelder recht deutlich an, und wir wollen nicht, dass sie durch uns zur Zielscheibe erh\u00f6hter Aufmerksamkeit aus dem Umfeld der Zeugen wird.<\/p>\n<p>Da passt es sehr gut, dass sich im WDR gerade ein junger Mann sehr offen zu den Erfahrungen seiner Jugend bei den Zeugen Jehovas ge\u00e4u\u00dfert hat und sich dazu auch mit Namen und Gesicht vor die Kamera gestellt hat. Wer das Interview im Buch also spannend fand und gerne mehr zu den Erfahrungen von Lisa L. w\u00fcsste &#8211; die beiden Biographien sind sich sehr \u00e4hnlich, und der Bericht von Lars Dietz macht vielleicht manches noch ein bisschen lebendiger. Vielen Dank auch an den Leser, der uns auf diesen sch\u00f6nen und sehr gut passenden Beitrag aufmerksam gemacht hat.<\/p>\n<p><a href=\"https:\/\/www1.wdr.de\/nachrichten\/westfalen-lippe\/zeugen-jehovas-ausstieg-interview-100.amp\"><img loading=\"lazy\" decoding=\"async\" class=\"alignnone wp-image-70 size-full\" src=\"http:\/\/quantenquark.com\/fakt-und-vorurteil\/wp-content\/uploads\/sites\/7\/2021\/11\/WDR-Lars-Dietz.jpg\" alt=\"\" width=\"903\" height=\"646\" srcset=\"https:\/\/quantenquark.com\/fakt-und-vorurteil\/wp-content\/uploads\/sites\/7\/2021\/11\/WDR-Lars-Dietz.jpg 903w, https:\/\/quantenquark.com\/fakt-und-vorurteil\/wp-content\/uploads\/sites\/7\/2021\/11\/WDR-Lars-Dietz-300x215.jpg 300w, https:\/\/quantenquark.com\/fakt-und-vorurteil\/wp-content\/uploads\/sites\/7\/2021\/11\/WDR-Lars-Dietz-768x549.jpg 768w\" sizes=\"auto, (max-width: 709px) 85vw, (max-width: 909px) 67vw, (max-width: 1362px) 62vw, 840px\" \/><\/a><\/p>\n<p>https:\/\/www1.wdr.de\/nachrichten\/westfalen-lippe\/zeugen-jehovas-ausstieg-interview-100.amp<\/p>\n","protected":false},"excerpt":{"rendered":"<p>Eine wichtige Interviewpartnerin f\u00fcr &#8222;Fakt und Vorurteil&#8220; war Lisa L., die bei den Zeugen Jehovas aufgewachsen ist und die Gemeinschaft dann im Zuge des Erwachsenwerdens verlassen hat. Sie hat viel von ihren Erfahrungen mit uns geteilt, und letztendlich ist nur ein kleiner Teil davon im Buch zu lesen &#8211; erstens aus Platzgr\u00fcnden, zweitens weil es &hellip; <a href=\"https:\/\/quantenquark.com\/fakt-und-vorurteil\/2021\/11\/13\/interessante-einblicke-in-die-erlebnisse-eines-aussteigers-bei-den-zeugen-jehovas\/\" class=\"more-link\"><span class=\"screen-reader-text\">\u201eInteressante Einblicke in die Erlebnisse eines Aussteigers bei den Zeugen Jehovas\u201c<\/span> weiterlesen<\/a><\/p>\n","protected":false},"author":2,"featured_media":0,"comment_status":"open","ping_status":"open","sticky":false,"template":"","format":"standard","meta":{"footnotes":""},"categories":[1],"tags":[],"class_list":["post-69","post","type-post","status-publish","format-standard","hentry","category-allgemein"],"_links":{"self":[{"href":"https:\/\/quantenquark.com\/fakt-und-vorurteil\/wp-json\/wp\/v2\/posts\/69","targetHints":{"allow":["GET"]}}],"collection":[{"href":"https:\/\/quantenquark.com\/fakt-und-vorurteil\/wp-json\/wp\/v2\/posts"}],"about":[{"href":"https:\/\/quantenquark.com\/fakt-und-vorurteil\/wp-json\/wp\/v2\/types\/post"}],"author":[{"embeddable":true,"href":"https:\/\/quantenquark.com\/fakt-und-vorurteil\/wp-json\/wp\/v2\/users\/2"}],"replies":[{"embeddable":true,"href":"https:\/\/quantenquark.com\/fakt-und-vorurteil\/wp-json\/wp\/v2\/comments?post=69"}],"version-history":[{"count":3,"href":"https:\/\/quantenquark.com\/fakt-und-vorurteil\/wp-json\/wp\/v2\/posts\/69\/revisions"}],"predecessor-version":[{"id":73,"href":"https:\/\/quantenquark.com\/fakt-und-vorurteil\/wp-json\/wp\/v2\/posts\/69\/revisions\/73"}],"wp:attachment":[{"href":"https:\/\/quantenquark.com\/fakt-und-vorurteil\/wp-json\/wp\/v2\/media?parent=69"}],"wp:term":[{"taxonomy":"category","embeddable":true,"href":"https:\/\/quantenquark.com\/fakt-und-vorurteil\/wp-json\/wp\/v2\/categories?post=69"},{"taxonomy":"post_tag","embeddable":true,"href":"https:\/\/quantenquark.com\/fakt-und-vorurteil\/wp-json\/wp\/v2\/tags?post=69"}],"curies":[{"name":"wp","href":"https:\/\/api.w.org\/{rel}","templated":true}]}}